{"id":4845,"date":"2024-09-24T11:58:02","date_gmt":"2024-09-24T14:58:02","guid":{"rendered":"https:\/\/estudiocl.com\/inicio\/?p=4845"},"modified":"2024-09-24T12:09:55","modified_gmt":"2024-09-24T15:09:55","slug":"indemnizacionporexpropiacion","status":"publish","type":"post","link":"https:\/\/estudiocl.com\/inicio\/abogadoscordoba\/indemnizacionporexpropiacion\/","title":{"rendered":""},"content":{"rendered":"<h1><strong>INDEMNIZACI\u00d3N POR EXPROPIACI\u00d3N EN C\u00d3RDOBA<\/strong><\/h1>\n<p><strong>\u00a0<\/strong><\/p>\n<h3><strong>\u00bfTe han expropiado y necesitas asesoramiento legal? \u00a1Protege tus derechos! Reclama la Indemnizaci\u00f3n por Expropiaci\u00f3n que te corresponde.<\/strong><\/h3>\n<p>Si has sido v\u00edctima de una <strong>expropiaci\u00f3n<\/strong> y no sabes c\u00f3mo proceder, es fundamental contar con un abogado especializado en esta \u00e1rea. Las leyes de expropiaci\u00f3n y ocupaci\u00f3n tempor\u00e1nea son complejas y pueden afectar gravemente tu patrimonio si no se gestionan adecuadamente, perdiendo una justa indemnizaci\u00f3n por expropiaci\u00f3n.<\/p>\n<h3><strong>\u00bfQu\u00e9 es la expropiaci\u00f3n?<\/strong><\/h3>\n<p>La expropiaci\u00f3n es un procedimiento en el cual el Estado el estado (Gobierno de la Provincia de C\u00f3rdoba, Municipalidad de C\u00f3rdoba u otra localidad) puede declarar de <strong>utilidad p\u00fablica<\/strong> un bien inmueble o mueble y tomarlo, a cambio de una indemnizaci\u00f3n por expropiaci\u00f3n, para cumplir con un objetivo que beneficie a la sociedad en general. Aunque el Estado tiene esta facultad, <strong>tus derechos como propietario no deben quedar desprotegidos<\/strong>.<\/p>\n<h3><strong>Tipos de expropiaci\u00f3n: \u00bfTe encuentras en alguna de estas situaciones?<\/strong><\/h3>\n<ul>\n<li><strong>Expropiaci\u00f3n irregular:<\/strong> Ocurre cuando el Estado el estado (Gobierno de la Provincia de C\u00f3rdoba, Municipalidad de C\u00f3rdoba u otra localidad) ha tomado posesi\u00f3n de tu propiedad <strong>sin haber pagado la indemnizaci\u00f3n por expropiaci\u00f3n<\/strong> correspondiente o cuando ha impuesto restricciones indebidas sobre tu bien, afectando tu derecho de propiedad. Si esta es tu situaci\u00f3n, puedes iniciar un <strong>juicio de expropiaci\u00f3n irregular<\/strong> para exigir la compensaci\u00f3n que te corresponde.<\/li>\n<li><strong>Acci\u00f3n de retrocesi\u00f3n:<\/strong> \u00bfEl Estado ha cambiado el uso de tu bien o no le ha dado el destino previsto luego de la expropiaci\u00f3n? Como expropiado, tienes el derecho de <strong>recuperar tu propiedad<\/strong> en determinadas circunstancias, devolviendo la indemnizaci\u00f3n por expropiaci\u00f3n, pero asegur\u00e1ndote de que tus derechos sean reconocidos y protegidos.<\/li>\n<li><strong>Ocupaci\u00f3n tempor\u00e1nea:<\/strong> Si el Estado est\u00e1 utilizando tu propiedad de manera temporal por razones de utilidad p\u00fablica, ya sea por emergencia o una ocupaci\u00f3n normal, tienes derecho a ser indemnizado por el uso y los posibles da\u00f1os causados. Adem\u00e1s, si la ocupaci\u00f3n se prolonga m\u00e1s de lo permitido por la ley, puedes solicitar la <strong>expropiaci\u00f3n irregular<\/strong>.<\/li>\n<\/ul>\n<h3><strong>\u00bfCu\u00e1les son tus derechos en una expropiaci\u00f3n?<\/strong><\/h3>\n<p>Como propietario afectado por una expropiaci\u00f3n, el Estado el estado (Gobierno de la Provincia de C\u00f3rdoba, Municipalidad de C\u00f3rdoba u otra localidad) debe respetar ciertos procedimientos para garantizar que se te pague una <strong>justa indemnizaci\u00f3n por expropiaci\u00f3n<\/strong>. Si no lo hace, puedes iniciar acciones legales, ya sea por la falta de pago o por el uso indebido de tu bien.<\/p>\n<p>Entre los principales derechos que puedes reclamar est\u00e1n:<\/p>\n<ul>\n<li><strong>Indemnizaci\u00f3n por expropiaci\u00f3n, adecuada y justa<\/strong>.<\/li>\n<li><strong>Recuperaci\u00f3n de tu propiedad<\/strong> si no se cumple con el destino previsto.<\/li>\n<li><strong>Compensaci\u00f3n por da\u00f1os<\/strong> si tu propiedad fue ocupada temporalmente sin los debidos resguardos.<\/li>\n<\/ul>\n<h3><strong>\u00bfPor qu\u00e9 necesitas un abogado experto en expropiaci\u00f3n?<\/strong><\/h3>\n<p>La expropiaci\u00f3n y la ocupaci\u00f3n tempor\u00e1nea son procesos legales complejos que requieren de una estrategia adecuada para garantizar que recibas una <strong>compensaci\u00f3n justa<\/strong> y que se respeten tus derechos de propiedad. Un abogado especializado puede ayudarte a:<\/p>\n<ul>\n<li>Evaluar si la expropiaci\u00f3n o la ocupaci\u00f3n cumple con la ley.<\/li>\n<li>Iniciar un <strong>juicio de expropiaci\u00f3n irregular<\/strong> o <strong>acci\u00f3n de retrocesi\u00f3n<\/strong> en caso de que el Estado no haya cumplido con sus obligaciones.<\/li>\n<li>Negociar una <strong>justa indemnizaci\u00f3n por expropiaci\u00f3n<\/strong> en los casos de ocupaci\u00f3n tempor\u00e1nea.<\/li>\n<\/ul>\n<h3><strong>Nuestro equipo te ayuda a proteger lo que te pertenece<\/strong><\/h3>\n<p>Nuestro equipo de abogados est\u00e1 listo para asesorarte y defender tus derechos ante cualquier irregularidad en el proceso de expropiaci\u00f3n. <strong>Nos encargamos de todo el proceso legal<\/strong>, desde la evaluaci\u00f3n inicial hasta la negociaci\u00f3n y, de ser necesario, la defensa en tribunales.<\/p>\n<h3><strong>No dejes que el Estado te quite lo que es tuyo sin una compensaci\u00f3n justa. \u00a1Cont\u00e1ctanos hoy mismo!<\/strong><\/h3>\n<p>Si te encuentras en alguna de estas situaciones o si tienes dudas sobre tu caso de expropiaci\u00f3n, no dudes en consultarnos. Analizaremos tu caso y te ofreceremos una soluci\u00f3n legal personalizada.<\/p>\n","protected":false},"excerpt":{"rendered":"INDEMNIZACI\u00d3N POR EXPROPIACI\u00d3N EN C\u00d3RDOBA \u00a0 \u00bfTe han expropiado y necesitas asesoramiento legal? \u00a1Protege tus derechos! Reclama la Indemnizaci\u00f3n por Expropiaci\u00f3n que te corresponde. Si has sido v\u00edctima de una expropiaci\u00f3n y no sabes c\u00f3mo proceder, es fundamental contar con un abogado especializado en esta \u00e1rea. Las leyes de expropiaci\u00f3n y ocupaci\u00f3n tempor\u00e1nea son complejas y pueden afectar gravemente tu&nbsp;<a href=\"https:\/\/estudiocl.com\/inicio\/abogadoscordoba\/indemnizacionporexpropiacion\/\" class=\"read-more\">Seguir leyendo<\/a>","protected":false},"author":2,"featured_media":4850,"comment_status":"open","ping_status":"open","sticky":false,"template":"","format":"standard","meta":{"footnotes":""},"categories":[1],"tags":[],"class_list":["post-4845","post","type-post","status-publish","format-standard","has-post-thumbnail","hentry","category-abogadoscordoba","cat-1-id"],"yoast_head":"<!-- This site is optimized with the Yoast SEO plugin v27.5 - https:\/\/yoast.com\/product\/yoast-seo-wordpress\/ -->\n<title>- Abogados en C\u00f3rdoba<\/title>\n<meta name=\"robots\" content=\"index, follow, max-snippet:-1, max-image-preview:large, max-video-preview:-1\" \/>\n<link rel=\"canonical\" href=\"https:\/\/estudiocl.com\/inicio\/abogadoscordoba\/indemnizacionporexpropiacion\/\" \/>\n<meta property=\"og:locale\" content=\"es_ES\" \/>\n<meta property=\"og:type\" content=\"article\" \/>\n<meta property=\"og:title\" content=\"- Abogados en C\u00f3rdoba\" \/>\n<meta property=\"og:description\" content=\"INDEMNIZACI\u00d3N POR EXPROPIACI\u00d3N EN C\u00d3RDOBA \u00a0 \u00bfTe han expropiado y necesitas asesoramiento legal? \u00a1Protege tus derechos! Reclama la Indemnizaci\u00f3n por Expropiaci\u00f3n que te corresponde. Si has sido v\u00edctima de una expropiaci\u00f3n y no sabes c\u00f3mo proceder, es fundamental contar con un abogado especializado en esta \u00e1rea. Las leyes de expropiaci\u00f3n y ocupaci\u00f3n tempor\u00e1nea son complejas y pueden afectar gravemente tu&nbsp;Seguir leyendo\" \/>\n<meta property=\"og:url\" content=\"https:\/\/estudiocl.com\/inicio\/abogadoscordoba\/indemnizacionporexpropiacion\/\" \/>\n<meta property=\"og:site_name\" content=\"Abogados en C\u00f3rdoba\" \/>\n<meta property=\"article:author\" content=\"www.facebook.com\/estudiocl\" \/>\n<meta property=\"article:published_time\" content=\"2024-09-24T14:58:02+00:00\" \/>\n<meta property=\"article:modified_time\" content=\"2024-09-24T15:09:55+00:00\" \/>\n<meta property=\"og:image\" content=\"https:\/\/estudiocl.com\/inicio\/wp-content\/uploads\/2024\/09\/indemnizacion-por-expropiacion.webp\" \/>\n\t<meta property=\"og:image:width\" content=\"1024\" \/>\n\t<meta property=\"og:image:height\" content=\"1024\" \/>\n\t<meta property=\"og:image:type\" content=\"image\/webp\" \/>\n<meta name=\"author\" content=\"LACL\u00c9\" \/>\n<meta name=\"twitter:card\" content=\"summary_large_image\" \/>\n<meta name=\"twitter:label1\" content=\"Escrito por\" \/>\n\t<meta name=\"twitter:data1\" content=\"LACL\u00c9\" \/>\n\t<meta name=\"twitter:label2\" content=\"Tiempo de lectura\" \/>\n\t<meta name=\"twitter:data2\" content=\"4 minutos\" \/>\n<script type=\"application\/ld+json\" class=\"yoast-schema-graph\">{\"@context\":\"https:\\\/\\\/schema.org\",\"@graph\":[{\"@type\":\"Article\",\"@id\":\"https:\\\/\\\/estudiocl.com\\\/inicio\\\/abogadoscordoba\\\/indemnizacionporexpropiacion\\\/#article\",\"isPartOf\":{\"@id\":\"https:\\\/\\\/estudiocl.com\\\/inicio\\\/abogadoscordoba\\\/indemnizacionporexpropiacion\\\/\"},\"author\":{\"name\":\"LACL\u00c9\",\"@id\":\"https:\\\/\\\/estudiocl.com\\\/inicio\\\/#\\\/schema\\\/person\\\/b70e2c8c405c416095f64b65ab7ffd97\"},\"headline\":\"Sin t\u00edtulo\",\"datePublished\":\"2024-09-24T14:58:02+00:00\",\"dateModified\":\"2024-09-24T15:09:55+00:00\",\"mainEntityOfPage\":{\"@id\":\"https:\\\/\\\/estudiocl.com\\\/inicio\\\/abogadoscordoba\\\/indemnizacionporexpropiacion\\\/\"},\"wordCount\":704,\"commentCount\":0,\"image\":{\"@id\":\"https:\\\/\\\/estudiocl.com\\\/inicio\\\/abogadoscordoba\\\/indemnizacionporexpropiacion\\\/#primaryimage\"},\"thumbnailUrl\":\"https:\\\/\\\/estudiocl.com\\\/inicio\\\/wp-content\\\/uploads\\\/2024\\\/09\\\/indemnizacion-por-expropiacion.webp\",\"articleSection\":[\"Abogados\"],\"inLanguage\":\"es\",\"potentialAction\":[{\"@type\":\"CommentAction\",\"name\":\"Comment\",\"target\":[\"https:\\\/\\\/estudiocl.com\\\/inicio\\\/abogadoscordoba\\\/indemnizacionporexpropiacion\\\/#respond\"]}]},{\"@type\":\"WebPage\",\"@id\":\"https:\\\/\\\/estudiocl.com\\\/inicio\\\/abogadoscordoba\\\/indemnizacionporexpropiacion\\\/\",\"url\":\"https:\\\/\\\/estudiocl.com\\\/inicio\\\/abogadoscordoba\\\/indemnizacionporexpropiacion\\\/\",\"name\":\"- Abogados en C\u00f3rdoba\",\"isPartOf\":{\"@id\":\"https:\\\/\\\/estudiocl.com\\\/inicio\\\/#website\"},\"primaryImageOfPage\":{\"@id\":\"https:\\\/\\\/estudiocl.com\\\/inicio\\\/abogadoscordoba\\\/indemnizacionporexpropiacion\\\/#primaryimage\"},\"image\":{\"@id\":\"https:\\\/\\\/estudiocl.com\\\/inicio\\\/abogadoscordoba\\\/indemnizacionporexpropiacion\\\/#primaryimage\"},\"thumbnailUrl\":\"https:\\\/\\\/estudiocl.com\\\/inicio\\\/wp-content\\\/uploads\\\/2024\\\/09\\\/indemnizacion-por-expropiacion.webp\",\"datePublished\":\"2024-09-24T14:58:02+00:00\",\"dateModified\":\"2024-09-24T15:09:55+00:00\",\"author\":{\"@id\":\"https:\\\/\\\/estudiocl.com\\\/inicio\\\/#\\\/schema\\\/person\\\/b70e2c8c405c416095f64b65ab7ffd97\"},\"inLanguage\":\"es\",\"potentialAction\":[{\"@type\":\"ReadAction\",\"target\":[\"https:\\\/\\\/estudiocl.com\\\/inicio\\\/abogadoscordoba\\\/indemnizacionporexpropiacion\\\/\"]}]},{\"@type\":\"ImageObject\",\"inLanguage\":\"es\",\"@id\":\"https:\\\/\\\/estudiocl.com\\\/inicio\\\/abogadoscordoba\\\/indemnizacionporexpropiacion\\\/#primaryimage\",\"url\":\"https:\\\/\\\/estudiocl.com\\\/inicio\\\/wp-content\\\/uploads\\\/2024\\\/09\\\/indemnizacion-por-expropiacion.webp\",\"contentUrl\":\"https:\\\/\\\/estudiocl.com\\\/inicio\\\/wp-content\\\/uploads\\\/2024\\\/09\\\/indemnizacion-por-expropiacion.webp\",\"width\":1024,\"height\":1024,\"caption\":\"indemnizacion por expropiacion\"},{\"@type\":\"WebSite\",\"@id\":\"https:\\\/\\\/estudiocl.com\\\/inicio\\\/#website\",\"url\":\"https:\\\/\\\/estudiocl.com\\\/inicio\\\/\",\"name\":\"Abogados en C\u00f3rdoba\",\"description\":\"Lacl\u00e9 Abogados en C\u00f3rdoba - Estudio Jur\u00eddico en C\u00f3rdoba\",\"potentialAction\":[{\"@type\":\"SearchAction\",\"target\":{\"@type\":\"EntryPoint\",\"urlTemplate\":\"https:\\\/\\\/estudiocl.com\\\/inicio\\\/?s={search_term_string}\"},\"query-input\":{\"@type\":\"PropertyValueSpecification\",\"valueRequired\":true,\"valueName\":\"search_term_string\"}}],\"inLanguage\":\"es\"},{\"@type\":\"Person\",\"@id\":\"https:\\\/\\\/estudiocl.com\\\/inicio\\\/#\\\/schema\\\/person\\\/b70e2c8c405c416095f64b65ab7ffd97\",\"name\":\"LACL\u00c9\",\"image\":{\"@type\":\"ImageObject\",\"inLanguage\":\"es\",\"@id\":\"https:\\\/\\\/secure.gravatar.com\\\/avatar\\\/be242a849a058ce513d22a276de83d12f153a290edd027db05dcf8c62b35a410?s=96&d=blank&r=g\",\"url\":\"https:\\\/\\\/secure.gravatar.com\\\/avatar\\\/be242a849a058ce513d22a276de83d12f153a290edd027db05dcf8c62b35a410?s=96&d=blank&r=g\",\"contentUrl\":\"https:\\\/\\\/secure.gravatar.com\\\/avatar\\\/be242a849a058ce513d22a276de83d12f153a290edd027db05dcf8c62b35a410?s=96&d=blank&r=g\",\"caption\":\"LACL\u00c9\"},\"description\":\"Lacl\u00e9 Abogados\",\"sameAs\":[\"http:\\\/\\\/www.estudiocl.com\",\"www.facebook.com\\\/estudiocl\"],\"url\":\"https:\\\/\\\/estudiocl.com\\\/inicio\\\/author\\\/c0960021\\\/\"}]}<\/script>\n<!-- \/ Yoast SEO plugin. -->","yoast_head_json":{"title":"- Abogados en C\u00f3rdoba","robots":{"index":"index","follow":"follow","max-snippet":"max-snippet:-1","max-image-preview":"max-image-preview:large","max-video-preview":"max-video-preview:-1"},"canonical":"https:\/\/estudiocl.com\/inicio\/abogadoscordoba\/indemnizacionporexpropiacion\/","og_locale":"es_ES","og_type":"article","og_title":"- Abogados en C\u00f3rdoba","og_description":"INDEMNIZACI\u00d3N POR EXPROPIACI\u00d3N EN C\u00d3RDOBA \u00a0 \u00bfTe han expropiado y necesitas asesoramiento legal? \u00a1Protege tus derechos! Reclama la Indemnizaci\u00f3n por Expropiaci\u00f3n que te corresponde. Si has sido v\u00edctima de una expropiaci\u00f3n y no sabes c\u00f3mo proceder, es fundamental contar con un abogado especializado en esta \u00e1rea. Las leyes de expropiaci\u00f3n y ocupaci\u00f3n tempor\u00e1nea son complejas y pueden afectar gravemente tu&nbsp;Seguir leyendo","og_url":"https:\/\/estudiocl.com\/inicio\/abogadoscordoba\/indemnizacionporexpropiacion\/","og_site_name":"Abogados en C\u00f3rdoba","article_author":"www.facebook.com\/estudiocl","article_published_time":"2024-09-24T14:58:02+00:00","article_modified_time":"2024-09-24T15:09:55+00:00","og_image":[{"width":1024,"height":1024,"url":"https:\/\/estudiocl.com\/inicio\/wp-content\/uploads\/2024\/09\/indemnizacion-por-expropiacion.webp","type":"image\/webp"}],"author":"LACL\u00c9","twitter_card":"summary_large_image","twitter_misc":{"Escrito por":"LACL\u00c9","Tiempo de lectura":"4 minutos"},"schema":{"@context":"https:\/\/schema.org","@graph":[{"@type":"Article","@id":"https:\/\/estudiocl.com\/inicio\/abogadoscordoba\/indemnizacionporexpropiacion\/#article","isPartOf":{"@id":"https:\/\/estudiocl.com\/inicio\/abogadoscordoba\/indemnizacionporexpropiacion\/"},"author":{"name":"LACL\u00c9","@id":"https:\/\/estudiocl.com\/inicio\/#\/schema\/person\/b70e2c8c405c416095f64b65ab7ffd97"},"headline":"Sin t\u00edtulo","datePublished":"2024-09-24T14:58:02+00:00","dateModified":"2024-09-24T15:09:55+00:00","mainEntityOfPage":{"@id":"https:\/\/estudiocl.com\/inicio\/abogadoscordoba\/indemnizacionporexpropiacion\/"},"wordCount":704,"commentCount":0,"image":{"@id":"https:\/\/estudiocl.com\/inicio\/abogadoscordoba\/indemnizacionporexpropiacion\/#primaryimage"},"thumbnailUrl":"https:\/\/estudiocl.com\/inicio\/wp-content\/uploads\/2024\/09\/indemnizacion-por-expropiacion.webp","articleSection":["Abogados"],"inLanguage":"es","potentialAction":[{"@type":"CommentAction","name":"Comment","target":["https:\/\/estudiocl.com\/inicio\/abogadoscordoba\/indemnizacionporexpropiacion\/#respond"]}]},{"@type":"WebPage","@id":"https:\/\/estudiocl.com\/inicio\/abogadoscordoba\/indemnizacionporexpropiacion\/","url":"https:\/\/estudiocl.com\/inicio\/abogadoscordoba\/indemnizacionporexpropiacion\/","name":"- Abogados en C\u00f3rdoba","isPartOf":{"@id":"https:\/\/estudiocl.com\/inicio\/#website"},"primaryImageOfPage":{"@id":"https:\/\/estudiocl.com\/inicio\/abogadoscordoba\/indemnizacionporexpropiacion\/#primaryimage"},"image":{"@id":"https:\/\/estudiocl.com\/inicio\/abogadoscordoba\/indemnizacionporexpropiacion\/#primaryimage"},"thumbnailUrl":"https:\/\/estudiocl.com\/inicio\/wp-content\/uploads\/2024\/09\/indemnizacion-por-expropiacion.webp","datePublished":"2024-09-24T14:58:02+00:00","dateModified":"2024-09-24T15:09:55+00:00","author":{"@id":"https:\/\/estudiocl.com\/inicio\/#\/schema\/person\/b70e2c8c405c416095f64b65ab7ffd97"},"inLanguage":"es","potentialAction":[{"@type":"ReadAction","target":["https:\/\/estudiocl.com\/inicio\/abogadoscordoba\/indemnizacionporexpropiacion\/"]}]},{"@type":"ImageObject","inLanguage":"es","@id":"https:\/\/estudiocl.com\/inicio\/abogadoscordoba\/indemnizacionporexpropiacion\/#primaryimage","url":"https:\/\/estudiocl.com\/inicio\/wp-content\/uploads\/2024\/09\/indemnizacion-por-expropiacion.webp","contentUrl":"https:\/\/estudiocl.com\/inicio\/wp-content\/uploads\/2024\/09\/indemnizacion-por-expropiacion.webp","width":1024,"height":1024,"caption":"indemnizacion por expropiacion"},{"@type":"WebSite","@id":"https:\/\/estudiocl.com\/inicio\/#website","url":"https:\/\/estudiocl.com\/inicio\/","name":"Abogados en C\u00f3rdoba","description":"Lacl\u00e9 Abogados en C\u00f3rdoba - Estudio Jur\u00eddico en C\u00f3rdoba","potentialAction":[{"@type":"SearchAction","target":{"@type":"EntryPoint","urlTemplate":"https:\/\/estudiocl.com\/inicio\/?s={search_term_string}"},"query-input":{"@type":"PropertyValueSpecification","valueRequired":true,"valueName":"search_term_string"}}],"inLanguage":"es"},{"@type":"Person","@id":"https:\/\/estudiocl.com\/inicio\/#\/schema\/person\/b70e2c8c405c416095f64b65ab7ffd97","name":"LACL\u00c9","image":{"@type":"ImageObject","inLanguage":"es","@id":"https:\/\/secure.gravatar.com\/avatar\/be242a849a058ce513d22a276de83d12f153a290edd027db05dcf8c62b35a410?s=96&d=blank&r=g","url":"https:\/\/secure.gravatar.com\/avatar\/be242a849a058ce513d22a276de83d12f153a290edd027db05dcf8c62b35a410?s=96&d=blank&r=g","contentUrl":"https:\/\/secure.gravatar.com\/avatar\/be242a849a058ce513d22a276de83d12f153a290edd027db05dcf8c62b35a410?s=96&d=blank&r=g","caption":"LACL\u00c9"},"description":"Lacl\u00e9 Abogados","sameAs":["http:\/\/www.estudiocl.com","www.facebook.com\/estudiocl"],"url":"https:\/\/estudiocl.com\/inicio\/author\/c0960021\/"}]}},"_links":{"self":[{"href":"https:\/\/estudiocl.com\/inicio\/wp-json\/wp\/v2\/posts\/4845","targetHints":{"allow":["GET"]}}],"collection":[{"href":"https:\/\/estudiocl.com\/inicio\/wp-json\/wp\/v2\/posts"}],"about":[{"href":"https:\/\/estudiocl.com\/inicio\/wp-json\/wp\/v2\/types\/post"}],"author":[{"embeddable":true,"href":"https:\/\/estudiocl.com\/inicio\/wp-json\/wp\/v2\/users\/2"}],"replies":[{"embeddable":true,"href":"https:\/\/estudiocl.com\/inicio\/wp-json\/wp\/v2\/comments?post=4845"}],"version-history":[{"count":3,"href":"https:\/\/estudiocl.com\/inicio\/wp-json\/wp\/v2\/posts\/4845\/revisions"}],"predecessor-version":[{"id":4851,"href":"https:\/\/estudiocl.com\/inicio\/wp-json\/wp\/v2\/posts\/4845\/revisions\/4851"}],"wp:featuredmedia":[{"embeddable":true,"href":"https:\/\/estudiocl.com\/inicio\/wp-json\/wp\/v2\/media\/4850"}],"wp:attachment":[{"href":"https:\/\/estudiocl.com\/inicio\/wp-json\/wp\/v2\/media?parent=4845"}],"wp:term":[{"taxonomy":"category","embeddable":true,"href":"https:\/\/estudiocl.com\/inicio\/wp-json\/wp\/v2\/categories?post=4845"},{"taxonomy":"post_tag","embeddable":true,"href":"https:\/\/estudiocl.com\/inicio\/wp-json\/wp\/v2\/tags?post=4845"}],"curies":[{"name":"wp","href":"https:\/\/api.w.org\/{rel}","templated":true}]}}